{"id":2525,"date":"2022-01-06T07:15:00","date_gmt":"2022-01-06T05:15:00","guid":{"rendered":"https:\/\/bwellclinic.es\/fisioterapia-respiratoria-cose-e-quando-e-indicata\/"},"modified":"2024-02-29T17:38:09","modified_gmt":"2024-02-29T15:38:09","slug":"fisioterapia-respiratoria-cose-e-quando-e-indicata","status":"publish","type":"post","link":"https:\/\/bwellclinic.es\/it\/fisioterapia-respiratoria-cose-e-quando-e-indicata\/","title":{"rendered":"Fisioterapia respiratoria: cos&#8217;\u00e8 e quando \u00e8 indicata?"},"content":{"rendered":"\t\t<div data-elementor-type=\"wp-post\" data-elementor-id=\"2525\" class=\"elementor elementor-2525 elementor-2051\" data-elementor-post-type=\"post\">\n\t\t\t\t\t\t<section class=\"elementor-section elementor-top-section elementor-element elementor-element-0159a33 elementor-section-boxed elementor-section-height-default elementor-section-height-default\" data-id=\"0159a33\" data-element_type=\"section\" data-e-type=\"section\">\n\t\t\t\t\t\t<div class=\"elementor-container elementor-column-gap-default\">\n\t\t\t\t\t<div class=\"elementor-column elementor-col-100 elementor-top-column elementor-element elementor-element-abc2b1e\" data-id=\"abc2b1e\" data-element_type=\"column\" data-e-type=\"column\">\n\t\t\t<div class=\"elementor-widget-wrap elementor-element-populated\">\n\t\t\t\t\t\t<div class=\"elementor-element elementor-element-8e11254 elementor-widget elementor-widget-text-editor\" data-id=\"8e11254\" data-element_type=\"widget\" data-e-type=\"widget\" data-widget_type=\"text-editor.default\">\n\t\t\t\t<div class=\"elementor-widget-container\">\n\t\t\t\t\t\t\t\t\t<p>La fisioterapia respiratoria \u00e8 una sottospecialit\u00e0 della fisioterapia che si occupa di prevenire, trattare e stabilizzare le disfunzioni o le alterazioni della respirazione.<\/p>\n\t\t\t\t\t\t\t\t<\/div>\n\t\t\t\t<\/div>\n\t\t\t\t<div class=\"elementor-element elementor-element-e0d3f5f elementor-widget elementor-widget-heading\" data-id=\"e0d3f5f\" data-element_type=\"widget\" data-e-type=\"widget\" data-widget_type=\"heading.default\">\n\t\t\t\t<div class=\"elementor-widget-container\">\n\t\t\t\t\t<h2 class=\"elementor-heading-title elementor-size-default\">Che cos'\u00e8 la fisioterapia respiratoria?<\/h2>\t\t\t\t<\/div>\n\t\t\t\t<\/div>\n\t\t\t\t<div class=\"elementor-element elementor-element-1b4b08b elementor-widget elementor-widget-text-editor\" data-id=\"1b4b08b\" data-element_type=\"widget\" data-e-type=\"widget\" data-widget_type=\"text-editor.default\">\n\t\t\t\t<div class=\"elementor-widget-container\">\n\t\t\t\t\t\t\t\t\t<p>La fisioterapia respiratoria \u00e8 una specialit\u00e0 dedicata alla <strong>prevenzione, al trattamento e alla stabilizzazione del sistema respiratorio<\/strong>.<\/p>\n<p>Il fisioterapista tratta le vie aeree, le costole, le pleure e i muscoli, tra gli altri tessuti, al fine di migliorare la ventilazione del paziente, utilizzando l&#8217;aria come elemento terapeutico, in modo da aiutare i meccanismi di difesa del sistema respiratorio.<\/p>\n<p>La fisioterapia respiratoria <strong>non sostituisce il trattamento medico, ma lo integra<\/strong>. Oltre a garantire al paziente una migliore qualit\u00e0 di vita grazie alla prevenzione di malattie e\/o complicazioni broncopolmonari.<\/p>\n\t\t\t\t\t\t\t\t<\/div>\n\t\t\t\t<\/div>\n\t\t\t\t<div class=\"elementor-element elementor-element-d58b2c8 elementor-widget elementor-widget-image\" data-id=\"d58b2c8\" data-element_type=\"widget\" data-e-type=\"widget\" data-widget_type=\"image.default\">\n\t\t\t\t<div class=\"elementor-widget-container\">\n\t\t\t\t\t\t\t\t\t\t\t\t\t\t\t<img fetchpriority=\"high\" decoding=\"async\" width=\"550\" height=\"350\" src=\"https:\/\/www.bwellclinic.es\/wp-content\/uploads\/2022\/01\/Bwell-Blog-fisio-respiratoria-Que-es-y-cuando-esta-indicada-1.jpeg\" class=\"attachment-full size-full wp-image-2419\" alt=\"\" srcset=\"https:\/\/www.bwellclinic.es\/wp-content\/uploads\/2022\/01\/Bwell-Blog-fisio-respiratoria-Que-es-y-cuando-esta-indicada-1.jpeg 550w, https:\/\/www.bwellclinic.es\/wp-content\/uploads\/2022\/01\/Bwell-Blog-fisio-respiratoria-Que-es-y-cuando-esta-indicada-1-300x191.jpeg 300w\" sizes=\"(max-width: 550px) 100vw, 550px\" \/>\t\t\t\t\t\t\t\t\t\t\t\t\t\t\t<\/div>\n\t\t\t\t<\/div>\n\t\t\t\t<div class=\"elementor-element elementor-element-04ccd60 elementor-widget elementor-widget-heading\" data-id=\"04ccd60\" data-element_type=\"widget\" data-e-type=\"widget\" data-widget_type=\"heading.default\">\n\t\t\t\t<div class=\"elementor-widget-container\">\n\t\t\t\t\t<h2 class=\"elementor-heading-title elementor-size-default\">Quando \u00e8 indicato?<\/h2>\t\t\t\t<\/div>\n\t\t\t\t<\/div>\n\t\t\t\t\t<\/div>\n\t\t<\/div>\n\t\t\t\t\t<\/div>\n\t\t<\/section>\n\t\t\t\t<section class=\"elementor-section elementor-top-section elementor-element elementor-element-a192578 elementor-section-boxed elementor-section-height-default elementor-section-height-default\" data-id=\"a192578\" data-element_type=\"section\" data-e-type=\"section\">\n\t\t\t\t\t\t<div class=\"elementor-container elementor-column-gap-default\">\n\t\t\t\t\t<div class=\"elementor-column elementor-col-100 elementor-top-column elementor-element elementor-element-a473fea\" data-id=\"a473fea\" data-element_type=\"column\" data-e-type=\"column\">\n\t\t\t<div class=\"elementor-widget-wrap elementor-element-populated\">\n\t\t\t\t\t\t<div class=\"elementor-element elementor-element-fe97e66 elementor-widget elementor-widget-text-editor\" data-id=\"fe97e66\" data-element_type=\"widget\" data-e-type=\"widget\" data-widget_type=\"text-editor.default\">\n\t\t\t\t<div class=\"elementor-widget-container\">\n\t\t\t\t\t\t\t\t\t<p>Si applica generalmente in situazioni che causano un <strong>aumento delle secrezioni<\/strong>, un&#8217;<strong>alterazione della meccanica ventilatoria della gabbia toracica<\/strong> e\/o un <strong>deficit dei meccanismi di clearance bronchiale<\/strong>.<\/p>\n<p>L&#8217;aumento del muco, espettorato o meno, l&#8217;aumento della tosse persistente, il russare o i rumori respiratori e alcuni altri sintomi correlati possono servire da guida per la fisioterapia.<\/p>\n\t\t\t\t\t\t\t\t<\/div>\n\t\t\t\t<\/div>\n\t\t\t\t<div class=\"elementor-element elementor-element-ca72f01 elementor-widget elementor-widget-image\" data-id=\"ca72f01\" data-element_type=\"widget\" data-e-type=\"widget\" data-widget_type=\"image.default\">\n\t\t\t\t<div class=\"elementor-widget-container\">\n\t\t\t\t\t\t\t\t\t\t\t\t\t\t\t<img decoding=\"async\" width=\"550\" height=\"350\" src=\"https:\/\/www.bwellclinic.es\/wp-content\/uploads\/2022\/01\/Bwell-Blog-fisio-respiratoria-Que-es-y-cuando-esta-indicada-q.jpeg\" class=\"attachment-full size-full wp-image-2420\" alt=\"\" srcset=\"https:\/\/www.bwellclinic.es\/wp-content\/uploads\/2022\/01\/Bwell-Blog-fisio-respiratoria-Que-es-y-cuando-esta-indicada-q.jpeg 550w, https:\/\/www.bwellclinic.es\/wp-content\/uploads\/2022\/01\/Bwell-Blog-fisio-respiratoria-Que-es-y-cuando-esta-indicada-q-300x191.jpeg 300w\" sizes=\"(max-width: 550px) 100vw, 550px\" \/>\t\t\t\t\t\t\t\t\t\t\t\t\t\t\t<\/div>\n\t\t\t\t<\/div>\n\t\t\t\t<div class=\"elementor-element elementor-element-23ff41e elementor-widget elementor-widget-text-editor\" data-id=\"23ff41e\" data-element_type=\"widget\" data-e-type=\"widget\" data-widget_type=\"text-editor.default\">\n\t\t\t\t<div class=\"elementor-widget-container\">\n\t\t\t\t\t\t\t\t\t<p>Alla Bwell Clinic abbiamo un ottimo team di specialisti, tra cui Berta Portales, specialista in fisioterapia respiratoria.<\/p>\n<p>Se desiderate ulteriori informazioni o avete domande, non esitate a contattarci chiamando il numero <strong>931 282 112<\/strong> o scrivendoci all&#8217;indirizzo <strong>info@bwellclinic.es.<\/strong><\/p>\n\t\t\t\t\t\t\t\t<\/div>\n\t\t\t\t<\/div>\n\t\t\t\t\t<\/div>\n\t\t<\/div>\n\t\t\t\t\t<\/div>\n\t\t<\/section>\n\t\t\t\t<\/div>\n\t\t","protected":false},"excerpt":{"rendered":"<p>La fisioterapia respiratoria \u00e8 una sottospecialit\u00e0 della fisioterapia che si occupa di prevenire, trattare e stabilizzare le disfunzioni o le alterazioni della respirazione. Che cos&#8217;\u00e8 la fisioterapia respiratoria? La fisioterapia respiratoria \u00e8 una specialit\u00e0 dedicata alla prevenzione, al trattamento e alla stabilizzazione del sistema respiratorio. Il fisioterapista tratta le vie aeree, le costole, le pleure [&hellip;]<\/p>\n","protected":false},"author":2,"featured_media":2418,"comment_status":"closed","ping_status":"open","sticky":false,"template":"","format":"standard","meta":{"_joinchat":[],"footnotes":""},"categories":[31],"tags":[],"class_list":["post-2525","post","type-post","status-publish","format-standard","has-post-thumbnail","hentry","category-non-categorizzato"],"_links":{"self":[{"href":"https:\/\/bwellclinic.es\/it\/wp-json\/wp\/v2\/posts\/2525","targetHints":{"allow":["GET"]}}],"collection":[{"href":"https:\/\/bwellclinic.es\/it\/wp-json\/wp\/v2\/posts"}],"about":[{"href":"https:\/\/bwellclinic.es\/it\/wp-json\/wp\/v2\/types\/post"}],"author":[{"embeddable":true,"href":"https:\/\/bwellclinic.es\/it\/wp-json\/wp\/v2\/users\/2"}],"replies":[{"embeddable":true,"href":"https:\/\/bwellclinic.es\/it\/wp-json\/wp\/v2\/comments?post=2525"}],"version-history":[{"count":5,"href":"https:\/\/bwellclinic.es\/it\/wp-json\/wp\/v2\/posts\/2525\/revisions"}],"predecessor-version":[{"id":3517,"href":"https:\/\/bwellclinic.es\/it\/wp-json\/wp\/v2\/posts\/2525\/revisions\/3517"}],"wp:featuredmedia":[{"embeddable":true,"href":"https:\/\/bwellclinic.es\/it\/wp-json\/wp\/v2\/media\/2418"}],"wp:attachment":[{"href":"https:\/\/bwellclinic.es\/it\/wp-json\/wp\/v2\/media?parent=2525"}],"wp:term":[{"taxonomy":"category","embeddable":true,"href":"https:\/\/bwellclinic.es\/it\/wp-json\/wp\/v2\/categories?post=2525"},{"taxonomy":"post_tag","embeddable":true,"href":"https:\/\/bwellclinic.es\/it\/wp-json\/wp\/v2\/tags?post=2525"}],"curies":[{"name":"wp","href":"https:\/\/api.w.org\/{rel}","templated":true}]}}