{"id":3370,"date":"2024-02-22T20:11:35","date_gmt":"2024-02-22T18:11:35","guid":{"rendered":"https:\/\/bwellclinic.es\/plagiocefalia\/"},"modified":"2024-02-28T16:17:25","modified_gmt":"2024-02-28T14:17:25","slug":"plagiocefalia","status":"publish","type":"post","link":"https:\/\/bwellclinic.es\/ca\/plagiocefalia\/","title":{"rendered":"Plagiocef\u00e0lia"},"content":{"rendered":"\t\t<div data-elementor-type=\"wp-post\" data-elementor-id=\"3370\" class=\"elementor elementor-3370 elementor-3333\" data-elementor-post-type=\"post\">\n\t\t\t\t\t\t<section class=\"elementor-section elementor-top-section elementor-element elementor-element-b7a37e6 elementor-section-boxed elementor-section-height-default elementor-section-height-default\" data-id=\"b7a37e6\" data-element_type=\"section\" data-e-type=\"section\">\n\t\t\t\t\t\t<div class=\"elementor-container elementor-column-gap-default\">\n\t\t\t\t\t<div class=\"elementor-column elementor-col-100 elementor-top-column elementor-element elementor-element-e6111e2\" data-id=\"e6111e2\" data-element_type=\"column\" data-e-type=\"column\">\n\t\t\t<div class=\"elementor-widget-wrap elementor-element-populated\">\n\t\t\t\t\t\t<div class=\"elementor-element elementor-element-3545e57 elementor-widget elementor-widget-heading\" data-id=\"3545e57\" data-element_type=\"widget\" data-e-type=\"widget\" data-widget_type=\"heading.default\">\n\t\t\t\t<div class=\"elementor-widget-container\">\n\t\t\t\t\t<h2 class=\"elementor-heading-title elementor-size-default\">Qu\u00e8 \u00e9s la plagiocef\u00e0lia?<\/h2>\t\t\t\t<\/div>\n\t\t\t\t<\/div>\n\t\t\t\t<div class=\"elementor-element elementor-element-e2111f6 elementor-widget elementor-widget-text-editor\" data-id=\"e2111f6\" data-element_type=\"widget\" data-e-type=\"widget\" data-widget_type=\"text-editor.default\">\n\t\t\t\t<div class=\"elementor-widget-container\">\n\t\t\t\t\t\t\t\t\t<p>La plagiocef\u00e0lia \u00e9s una condici\u00f3 que afecta la forma del crani dels nadons, resultant en una deformaci\u00f3 o aplanament en una part del cap.  <\/p>\n<p>Aquesta asimetria arquitect\u00f2nica craniofacial \u00e9s com\u00fa veure-la en nadons. \u00c9s el segon motiu de consulta en nadons entre els 0-27 dies, el m\u00e9s habitual en petits de 28 dies a l&#8217;any i aix\u00ed es mant\u00e9 fins als 23 mesos de vida.<\/p>\n<p>T\u00e9 una incid\u00e8ncia de fins al 50% en nadons de 1 mes i augmenta fins a gaireb\u00e9 el 57% als 3 mesos segons la font sol\u00b7licitada.<\/p>\n<div><span style=\"color: var( --e-global-color-text ); font-family: var( --e-global-typography-text-font-family ), Sans-serif; font-weight: var( --e-global-typography-text-font-weight ); font-size: 1rem;\">Aix\u00f2 pot passar a causa de la pressi\u00f3 constant en una \u00e0rea espec\u00edfica del crani, causada per factors com la posici\u00f3 en qu\u00e8 el nad\u00f3 passa el temps, problemes durant el part o restricci\u00f3 de moviment a l&#8217;\u00fater.  <br>\u00c9s important tenir en compte que pot variar en gravetat, des de casos lleus que es corregeixen per ells mateixos fins a casos m\u00e9s severs que requereixen intervenci\u00f3 m\u00e8dica. Els pares han d&#8217;estar atents als signes de plagiocef\u00e0lia, com ara un cap asim\u00e8tric, orelles desalineades o mand\u00edbula despla\u00e7ada, i buscar orientaci\u00f3 m\u00e8dica si tenen alguna preocupaci\u00f3 sobre la forma del crani del nad\u00f3.<\/span><\/div>\n<p>Segons la zona o la forma de com es presenta la deformitat podem anomenar-les plagiocef\u00e0lies, braquiocef\u00e0lies, dolifocef\u00e0lies,\u2026<br>Els criteris de severitat en un nad\u00f3 s\u00f3n:<\/p>\n<ul>\n<li>L&#8217;aplanament posterior<\/li>\n<li>L&#8217;asimetria de posici\u00f3 d&#8217;orelles<\/li>\n<li>Asimetria frontal<\/li>\n<li>Compensaci\u00f3 cervical<\/li>\n<li>Asimetria facial.<\/li>\n<\/ul>\t\t\t\t\t\t\t\t<\/div>\n\t\t\t\t<\/div>\n\t\t\t\t\t<\/div>\n\t\t<\/div>\n\t\t\t\t\t<\/div>\n\t\t<\/section>\n\t\t\t\t<section class=\"elementor-section elementor-top-section elementor-element elementor-element-0b10b12 elementor-section-boxed elementor-section-height-default elementor-section-height-default\" data-id=\"0b10b12\" data-element_type=\"section\" data-e-type=\"section\">\n\t\t\t\t\t\t<div class=\"elementor-container elementor-column-gap-default\">\n\t\t\t\t\t<div class=\"elementor-column elementor-col-33 elementor-top-column elementor-element elementor-element-25f56a4\" data-id=\"25f56a4\" data-element_type=\"column\" data-e-type=\"column\">\n\t\t\t<div class=\"elementor-widget-wrap elementor-element-populated\">\n\t\t\t\t\t\t<div class=\"elementor-element elementor-element-9fd8929 elementor-widget elementor-widget-image\" data-id=\"9fd8929\" data-element_type=\"widget\" data-e-type=\"widget\" data-widget_type=\"image.default\">\n\t\t\t\t<div class=\"elementor-widget-container\">\n\t\t\t\t\t\t\t\t\t\t\t\t\t\t\t<img fetchpriority=\"high\" decoding=\"async\" width=\"1500\" height=\"2000\" src=\"https:\/\/www.bwellclinic.es\/wp-content\/uploads\/2024\/02\/IMG_5092.jpeg\" class=\"attachment-full size-full wp-image-3337\" alt=\"Plagiocefalia beb\u00e9\" srcset=\"https:\/\/www.bwellclinic.es\/wp-content\/uploads\/2024\/02\/IMG_5092.jpeg 1500w, https:\/\/www.bwellclinic.es\/wp-content\/uploads\/2024\/02\/IMG_5092-225x300.jpeg 225w, https:\/\/www.bwellclinic.es\/wp-content\/uploads\/2024\/02\/IMG_5092-768x1024.jpeg 768w, https:\/\/www.bwellclinic.es\/wp-content\/uploads\/2024\/02\/IMG_5092-1152x1536.jpeg 1152w\" sizes=\"(max-width: 1500px) 100vw, 1500px\" \/>\t\t\t\t\t\t\t\t\t\t\t\t\t\t\t<\/div>\n\t\t\t\t<\/div>\n\t\t\t\t\t<\/div>\n\t\t<\/div>\n\t\t\t\t<div class=\"elementor-column elementor-col-33 elementor-top-column elementor-element elementor-element-51b2e08\" data-id=\"51b2e08\" data-element_type=\"column\" data-e-type=\"column\">\n\t\t\t<div class=\"elementor-widget-wrap elementor-element-populated\">\n\t\t\t\t\t\t<div class=\"elementor-element elementor-element-3ee7564 elementor-widget elementor-widget-image\" data-id=\"3ee7564\" data-element_type=\"widget\" data-e-type=\"widget\" data-widget_type=\"image.default\">\n\t\t\t\t<div class=\"elementor-widget-container\">\n\t\t\t\t\t\t\t\t\t\t\t\t\t\t\t<img decoding=\"async\" width=\"1179\" height=\"1500\" src=\"https:\/\/www.bwellclinic.es\/wp-content\/uploads\/2024\/02\/IMG_5093.jpeg\" class=\"attachment-full size-full wp-image-3341\" alt=\"Plagiocefalia beb\u00e9\" srcset=\"https:\/\/www.bwellclinic.es\/wp-content\/uploads\/2024\/02\/IMG_5093.jpeg 1179w, https:\/\/www.bwellclinic.es\/wp-content\/uploads\/2024\/02\/IMG_5093-236x300.jpeg 236w, https:\/\/www.bwellclinic.es\/wp-content\/uploads\/2024\/02\/IMG_5093-805x1024.jpeg 805w, https:\/\/www.bwellclinic.es\/wp-content\/uploads\/2024\/02\/IMG_5093-768x977.jpeg 768w\" sizes=\"(max-width: 1179px) 100vw, 1179px\" \/>\t\t\t\t\t\t\t\t\t\t\t\t\t\t\t<\/div>\n\t\t\t\t<\/div>\n\t\t\t\t\t<\/div>\n\t\t<\/div>\n\t\t\t\t<div class=\"elementor-column elementor-col-33 elementor-top-column elementor-element elementor-element-3b1ad98\" data-id=\"3b1ad98\" data-element_type=\"column\" data-e-type=\"column\">\n\t\t\t<div class=\"elementor-widget-wrap elementor-element-populated\">\n\t\t\t\t\t\t<div class=\"elementor-element elementor-element-adf191a elementor-widget elementor-widget-image\" data-id=\"adf191a\" data-element_type=\"widget\" data-e-type=\"widget\" data-widget_type=\"image.default\">\n\t\t\t\t<div class=\"elementor-widget-container\">\n\t\t\t\t\t\t\t\t\t\t\t\t\t\t\t<img decoding=\"async\" width=\"1024\" height=\"1420\" src=\"https:\/\/www.bwellclinic.es\/wp-content\/uploads\/2024\/02\/IMG_5094.jpeg\" class=\"attachment-full size-full wp-image-3345\" alt=\"\" srcset=\"https:\/\/www.bwellclinic.es\/wp-content\/uploads\/2024\/02\/IMG_5094.jpeg 1024w, https:\/\/www.bwellclinic.es\/wp-content\/uploads\/2024\/02\/IMG_5094-216x300.jpeg 216w, https:\/\/www.bwellclinic.es\/wp-content\/uploads\/2024\/02\/IMG_5094-738x1024.jpeg 738w, https:\/\/www.bwellclinic.es\/wp-content\/uploads\/2024\/02\/IMG_5094-768x1065.jpeg 768w\" sizes=\"(max-width: 1024px) 100vw, 1024px\" \/>\t\t\t\t\t\t\t\t\t\t\t\t\t\t\t<\/div>\n\t\t\t\t<\/div>\n\t\t\t\t\t<\/div>\n\t\t<\/div>\n\t\t\t\t\t<\/div>\n\t\t<\/section>\n\t\t\t\t<section class=\"elementor-section elementor-top-section elementor-element elementor-element-974feec elementor-section-boxed elementor-section-height-default elementor-section-height-default\" data-id=\"974feec\" data-element_type=\"section\" data-e-type=\"section\">\n\t\t\t\t\t\t<div class=\"elementor-container elementor-column-gap-default\">\n\t\t\t\t\t<div class=\"elementor-column elementor-col-100 elementor-top-column elementor-element elementor-element-229d36b\" data-id=\"229d36b\" data-element_type=\"column\" data-e-type=\"column\">\n\t\t\t<div class=\"elementor-widget-wrap elementor-element-populated\">\n\t\t\t\t\t\t<div class=\"elementor-element elementor-element-ea1151b elementor-widget elementor-widget-heading\" data-id=\"ea1151b\" data-element_type=\"widget\" data-e-type=\"widget\" data-widget_type=\"heading.default\">\n\t\t\t\t<div class=\"elementor-widget-container\">\n\t\t\t\t\t<h2 class=\"elementor-heading-title elementor-size-default\">Identificant la plagiocef\u00e0lia en nadons<\/h2>\t\t\t\t<\/div>\n\t\t\t\t<\/div>\n\t\t\t\t<div class=\"elementor-element elementor-element-d0da9c1 elementor-widget elementor-widget-text-editor\" data-id=\"d0da9c1\" data-element_type=\"widget\" data-e-type=\"widget\" data-widget_type=\"text-editor.default\">\n\t\t\t\t<div class=\"elementor-widget-container\">\n\t\t\t\t\t\t\t\t\t<p>Identificar-la en nadons \u00e9s fonamental per abordar-la a temps i cercar l&#8217;atenci\u00f3 m\u00e8dica adequada.  <br><br>Alguns signes que poden indicar plagiocef\u00e0lia inclouen un cap asim\u00e8tric o aplanat en un costat, orelles que semblen estar a diferents altures, ulls desalineats i una mand\u00edbula que es despla\u00e7a cap a un costat.  <br>A m\u00e9s, els pares poden notar que el nad\u00f3 prefereix girar el cap cap a un costat espec\u00edfic o t\u00e9 dificultats per voltejar el cap a les dues direccions. \u00c9s important observar aquests signes i comunicar qualsevol preocupaci\u00f3 al pediatre del nad\u00f3.  <br><br>Un diagn\u00f2stic primerenc pot permetre la implementaci\u00f3 de mesures preventives o de correcci\u00f3 m\u00e9s efectives. Si se sospita, el pediatre pot fer un examen f\u00edsic i, en alguns casos, recomanar proves de diagn\u00f2stic per imatges, com ara radiografies o escanejats per ultras\u00f2, per avaluar la gravetat de la condici\u00f3 i determinar el millor curs d&#8217;acci\u00f3.<\/p>\n<p><br><\/p>\t\t\t\t\t\t\t\t<\/div>\n\t\t\t\t<\/div>\n\t\t\t\t\t<\/div>\n\t\t<\/div>\n\t\t\t\t\t<\/div>\n\t\t<\/section>\n\t\t\t\t<section class=\"elementor-section elementor-top-section elementor-element elementor-element-cd9cded elementor-section-boxed elementor-section-height-default elementor-section-height-default\" data-id=\"cd9cded\" data-element_type=\"section\" data-e-type=\"section\">\n\t\t\t\t\t\t<div class=\"elementor-container elementor-column-gap-default\">\n\t\t\t\t\t<div class=\"elementor-column elementor-col-100 elementor-top-column elementor-element elementor-element-1652042\" data-id=\"1652042\" data-element_type=\"column\" data-e-type=\"column\">\n\t\t\t<div class=\"elementor-widget-wrap elementor-element-populated\">\n\t\t\t\t\t\t<div class=\"elementor-element elementor-element-0bb37b4 elementor-widget elementor-widget-heading\" data-id=\"0bb37b4\" data-element_type=\"widget\" data-e-type=\"widget\" data-widget_type=\"heading.default\">\n\t\t\t\t<div class=\"elementor-widget-container\">\n\t\t\t\t\t<h2 class=\"elementor-heading-title elementor-size-default\">La plagiocef\u00e0lia lleu es corregeix sola?<\/h2>\t\t\t\t<\/div>\n\t\t\t\t<\/div>\n\t\t\t\t<div class=\"elementor-element elementor-element-379f3ff elementor-widget elementor-widget-text-editor\" data-id=\"379f3ff\" data-element_type=\"widget\" data-e-type=\"widget\" data-widget_type=\"text-editor.default\">\n\t\t\t\t<div class=\"elementor-widget-container\">\n\t\t\t\t\t\t\t\t\t<p>En molts casos de plagiocef\u00e0lia lleu, la correcci\u00f3 pot passar naturalment amb el temps.  <\/p>\n<p>L&#8217;aplicaci\u00f3 de mesures simples, com canviar la posici\u00f3 en qu\u00e8 el nad\u00f3 dorm i augmentar el temps de joc cap per avall, pot ajudar a redistribuir la pressi\u00f3 al crani i promoure un creixement m\u00e9s uniforme. \u00c9s important tenir en compte que la consist\u00e8ncia en la implementaci\u00f3 daquestes mesures \u00e9s clau per veure resultats.  <\/p>\n<p>Tot i aix\u00f2, si la plagiocef\u00e0lia no mostra signes de millora o si empitjora, \u00e9s fonamental buscar orientaci\u00f3 m\u00e8dica per explorar opcions de tractament addicionals.<\/p><\/p>\n\t\t\t\t\t\t\t\t<\/div>\n\t\t\t\t<\/div>\n\t\t\t\t\t<\/div>\n\t\t<\/div>\n\t\t\t\t\t<\/div>\n\t\t<\/section>\n\t\t\t\t<section class=\"elementor-section elementor-top-section elementor-element elementor-element-18380ee elementor-section-boxed elementor-section-height-default elementor-section-height-default\" data-id=\"18380ee\" data-element_type=\"section\" data-e-type=\"section\">\n\t\t\t\t\t\t<div class=\"elementor-container elementor-column-gap-default\">\n\t\t\t\t\t<div class=\"elementor-column elementor-col-100 elementor-top-column elementor-element elementor-element-f5f7f76\" data-id=\"f5f7f76\" data-element_type=\"column\" data-e-type=\"column\">\n\t\t\t<div class=\"elementor-widget-wrap elementor-element-populated\">\n\t\t\t\t\t\t<div class=\"elementor-element elementor-element-507cf97 elementor-widget elementor-widget-heading\" data-id=\"507cf97\" data-element_type=\"widget\" data-e-type=\"widget\" data-widget_type=\"heading.default\">\n\t\t\t\t<div class=\"elementor-widget-container\">\n\t\t\t\t\t<h2 class=\"elementor-heading-title elementor-size-default\">Opcions de correcci\u00f3 per a la plagiocef\u00e0lia<\/h2>\t\t\t\t<\/div>\n\t\t\t\t<\/div>\n\t\t\t\t<div class=\"elementor-element elementor-element-c25710c elementor-widget elementor-widget-text-editor\" data-id=\"c25710c\" data-element_type=\"widget\" data-e-type=\"widget\" data-widget_type=\"text-editor.default\">\n\t\t\t\t<div class=\"elementor-widget-container\">\n\t\t\t\t\t\t\t\t\t<p>Hi ha diverses opcions de correcci\u00f3 per a la plagiocef\u00e0lia, que van des de mesures no invasives fins a intervencions m\u00e9s avan\u00e7ades, depenent de la gravetat de la condici\u00f3 i la recomanaci\u00f3 del professional de la salut. Algunes d&#8217;aquestes opcions inclouen:<\/p>\n<ul>\n<li><strong>Osteopatia Plagiocef\u00e0lia<\/strong> : L&#8217;osteopatia \u00e9s una ter\u00e0pia manual que s&#8217;enfoca a promoure l&#8217;equilibri i la mobilitat al cos del nad\u00f3. Els oste\u00f2pates poden treballar per corregir desequilibris musculars i ossis.<\/li>\n<li><strong>Casc per a plagiocef\u00e0lia<\/strong> En casos m\u00e9s severs, l&#8217;\u00fas d&#8217;un casc ortop\u00e8dic pot ser recomanat pel metge. Aquest dispositiu es fa servir per redirigir el creixement del crani cap a una forma m\u00e9s natural, proporcionant una pressi\u00f3 controlada en \u00e0rees espec\u00edfiques per estimular el creixement en altres.<\/li>\n<li><strong>Coixins i coixins<\/strong> Existeixen coixins i coixins dissenyats espec\u00edficament per prevenir i corregir la plagiocef\u00e0lia en nadons. Aquests productes proporcionen un suport adequat per al cap del nad\u00f3 durant el son i el temps de descans, ajudant a distribuir la pressi\u00f3 de manera m\u00e9s uniforme.<\/li>\n<\/ul>\n<p>\u00c9s important consultar amb un professional de la salut per determinar la millor opci\u00f3 de tractament per a cada cas individual de plagiocef\u00e0lia.<\/p>\n\t\t\t\t\t\t\t\t<\/div>\n\t\t\t\t<\/div>\n\t\t\t\t\t<\/div>\n\t\t<\/div>\n\t\t\t\t\t<\/div>\n\t\t<\/section>\n\t\t\t\t<section class=\"elementor-section elementor-top-section elementor-element elementor-element-e0a0dda elementor-section-boxed elementor-section-height-default elementor-section-height-default\" data-id=\"e0a0dda\" data-element_type=\"section\" data-e-type=\"section\">\n\t\t\t\t\t\t<div class=\"elementor-container elementor-column-gap-default\">\n\t\t\t\t\t<div class=\"elementor-column elementor-col-100 elementor-top-column elementor-element elementor-element-1289f00\" data-id=\"1289f00\" data-element_type=\"column\" data-e-type=\"column\">\n\t\t\t<div class=\"elementor-widget-wrap elementor-element-populated\">\n\t\t\t\t\t\t<div class=\"elementor-element elementor-element-42b9776 elementor-widget elementor-widget-heading\" data-id=\"42b9776\" data-element_type=\"widget\" data-e-type=\"widget\" data-widget_type=\"heading.default\">\n\t\t\t\t<div class=\"elementor-widget-container\">\n\t\t\t\t\t<h2 class=\"elementor-heading-title elementor-size-default\">Prevenci\u00f3 de la plagiocef\u00e0lia<\/h2>\t\t\t\t<\/div>\n\t\t\t\t<\/div>\n\t\t\t\t<div class=\"elementor-element elementor-element-4f05c03 elementor-widget elementor-widget-text-editor\" data-id=\"4f05c03\" data-element_type=\"widget\" data-e-type=\"widget\" data-widget_type=\"text-editor.default\">\n\t\t\t\t<div class=\"elementor-widget-container\">\n\t\t\t\t\t\t\t\t\t<p>Prevenir la plagiocef\u00e0lia en nadons \u00e9s possible amb la implementaci\u00f3 de mesures simples des del naixement. Algunes estrat\u00e8gies efectives inclouen:<\/p>\n<ul>\n<li><strong>Alternar la posici\u00f3 del nad\u00f3 durant el son<\/strong> : Col\u00b7locar el nad\u00f3 cap per amunt per dormir \u00e9s important per reduir el risc de s\u00edndrome de mort sobtada del lactant (SMSL), per\u00f2 alternar la posici\u00f3 del cap del nad\u00f3 pot ajudar a prevenir-la.<\/li>\n<li><strong>Fomentar el temps de cap per avall<\/strong> : El temps de cap per avall mentre est\u00e0 despert i sota supervisi\u00f3 \u00e9s crucial per enfortir els m\u00fasculs del coll i l&#8217;esquena, aix\u00ed com per prevenir la plagiocef\u00e0lia.<\/li>\n<li><strong>Limitar el temps en dispositius restringits<\/strong> Evitar que el nad\u00f3 passi massa temps en seients per a l&#8217;autom\u00f2bil, gronxadors o altres dispositius que restringeixin el moviment pot ajudar a prevenir la pressi\u00f3 constant al crani.<\/li>\n<li><strong>Realitzar revisions regulars amb el pediatre<\/strong> : Les revisions regulars amb el pediatre permeten monitoritzar el desenvolupament del crani del nad\u00f3 i abordar qualsevol preocupaci\u00f3 aviat.<\/li>\n<\/ul>\n<p>Implementar aquestes mesures des del principi pot ajudar a reduir el risc.<\/p>\n\t\t\t\t\t\t\t\t<\/div>\n\t\t\t\t<\/div>\n\t\t\t\t\t<\/div>\n\t\t<\/div>\n\t\t\t\t\t<\/div>\n\t\t<\/section>\n\t\t\t\t<section class=\"elementor-section elementor-top-section elementor-element elementor-element-de23809 elementor-section-boxed elementor-section-height-default elementor-section-height-default\" data-id=\"de23809\" data-element_type=\"section\" data-e-type=\"section\">\n\t\t\t\t\t\t<div class=\"elementor-container elementor-column-gap-default\">\n\t\t\t\t\t<div class=\"elementor-column elementor-col-100 elementor-top-column elementor-element elementor-element-603066c\" data-id=\"603066c\" data-element_type=\"column\" data-e-type=\"column\">\n\t\t\t<div class=\"elementor-widget-wrap elementor-element-populated\">\n\t\t\t\t\t\t<div class=\"elementor-element elementor-element-b24c481 elementor-widget elementor-widget-heading\" data-id=\"b24c481\" data-element_type=\"widget\" data-e-type=\"widget\" data-widget_type=\"heading.default\">\n\t\t\t\t<div class=\"elementor-widget-container\">\n\t\t\t\t\t<h2 class=\"elementor-heading-title elementor-size-default\">Conclusi\u00f3<\/h2>\t\t\t\t<\/div>\n\t\t\t\t<\/div>\n\t\t\t\t<div class=\"elementor-element elementor-element-b7d74ac elementor-widget elementor-widget-text-editor\" data-id=\"b7d74ac\" data-element_type=\"widget\" data-e-type=\"widget\" data-widget_type=\"text-editor.default\">\n\t\t\t\t<div class=\"elementor-widget-container\">\n\t\t\t\t\t\t\t\t\t<div class=\"flex-1 overflow-hidden\">\n<div class=\"react-scroll-to-bottom--css-qlrhc-79elbk h-full\">\n<div class=\"react-scroll-to-bottom--css-qlrhc-1n7m0yu\">\n<div class=\"flex flex-col text-sm pb-9\">\n<div class=\"w-full text-token-text-primary\" data-testid=\"conversation-turn-5\">\n<div class=\"px-4 py-2 justify-center text-base md:gap-6 m-auto\">\n<div class=\"flex flex-1 text-base mx-auto gap-3 md:px-5 lg:px-1 xl:px-5 md:max-w-3xl lg:max-w-[40rem] xl:max-w-[48rem] group final-completion\">\n<div class=\"relative flex w-full flex-col agent-turn\">\n<div class=\"flex-col gap-1 md:gap-3\">\n<div class=\"flex flex-grow flex-col max-w-full\">\n<div class=\"min-h-[20px] text-message flex flex-col items-start gap-3 whitespace-pre-wrap break-words [.text-message+&amp;]:mt-5 overflow-x-auto\" data-message-author-role=\"assistant\" data-message-id=\"3989bf75-193d-4461-9956-bf3b9acc2dac\">\n<div class=\"markdown prose w-full break-words dark:prose-invert light\">\n<p>En conclusi\u00f3, la plagiocef\u00e0lia \u00e9s una preocupaci\u00f3 comuna entre els pares de nadons, per\u00f2 amb el coneixement adequat i latenci\u00f3 oportuna, \u00e9s possible abordar i corregir aquesta condici\u00f3.  <br \/>Des d&#8217;identificar els signes de plagiocef\u00e0lia fins a implementar mesures de prevenci\u00f3 i explorar opcions de tractament, els pares poden tenir un paper actiu en la salut i el benestar dels nadons. Sempre \u00e9s important consultar un professional de la salut per obtenir orientaci\u00f3 espec\u00edfica sobre el millor curs d&#8217;acci\u00f3 per al nad\u00f3.  <\/p>\n<p>Amb el suport adequat, els pares poden prendre mesures proactives per garantir que els nadons creixin amb una forma de crani saludable i una \u00f2ptima qualitat de vida.<br \/>Podeu sol\u00b7licitar una <a href=\"https:\/\/web.timp.pro\/#home\/2601\/branch_building\/activities_groups\" target=\"_blank\" rel=\"noopener\">consulta amb BwellClinic<\/a> on us ajudarem i estudiarem el cas en detall per trobar la millor manera d&#8217;actuar. O posa&#8217;t en contacte amb <a href=\"https:\/\/bwellclinic.es\/ca\/contacte\/\">nosaltres<\/a> .<\/p>\n<\/div>\n<\/div>\n<\/div>\n<\/div>\n<\/div>\n<\/div>\n<\/div>\n<\/div>\n<\/div>\n<\/div>\n<\/div>\n<\/div>\n\t\t\t\t\t\t\t\t<\/div>\n\t\t\t\t<\/div>\n\t\t\t\t\t<\/div>\n\t\t<\/div>\n\t\t\t\t\t<\/div>\n\t\t<\/section>\n\t\t\t\t<\/div>\n\t\t","protected":false},"excerpt":{"rendered":"<p>Qu\u00e8 \u00e9s la plagiocef\u00e0lia? La plagiocef\u00e0lia \u00e9s una condici\u00f3 que afecta la forma del crani dels nadons, resultant en una deformaci\u00f3 o aplanament en una part del cap. Aquesta asimetria arquitect\u00f2nica craniofacial \u00e9s com\u00fa veure-la en nadons. \u00c9s el segon motiu de consulta en nadons entre els 0-27 dies, el m\u00e9s habitual en petits de [&hellip;]<\/p>\n","protected":false},"author":2,"featured_media":3358,"comment_status":"closed","ping_status":"open","sticky":false,"template":"","format":"standard","meta":{"_joinchat":[],"footnotes":""},"categories":[39,12],"tags":[],"class_list":["post-3370","post","type-post","status-publish","format-standard","has-post-thumbnail","hentry","category-pediatria-ca","category-uncategorized-ca"],"_links":{"self":[{"href":"https:\/\/bwellclinic.es\/ca\/wp-json\/wp\/v2\/posts\/3370","targetHints":{"allow":["GET"]}}],"collection":[{"href":"https:\/\/bwellclinic.es\/ca\/wp-json\/wp\/v2\/posts"}],"about":[{"href":"https:\/\/bwellclinic.es\/ca\/wp-json\/wp\/v2\/types\/post"}],"author":[{"embeddable":true,"href":"https:\/\/bwellclinic.es\/ca\/wp-json\/wp\/v2\/users\/2"}],"replies":[{"embeddable":true,"href":"https:\/\/bwellclinic.es\/ca\/wp-json\/wp\/v2\/comments?post=3370"}],"version-history":[{"count":8,"href":"https:\/\/bwellclinic.es\/ca\/wp-json\/wp\/v2\/posts\/3370\/revisions"}],"predecessor-version":[{"id":3475,"href":"https:\/\/bwellclinic.es\/ca\/wp-json\/wp\/v2\/posts\/3370\/revisions\/3475"}],"wp:featuredmedia":[{"embeddable":true,"href":"https:\/\/bwellclinic.es\/ca\/wp-json\/wp\/v2\/media\/3358"}],"wp:attachment":[{"href":"https:\/\/bwellclinic.es\/ca\/wp-json\/wp\/v2\/media?parent=3370"}],"wp:term":[{"taxonomy":"category","embeddable":true,"href":"https:\/\/bwellclinic.es\/ca\/wp-json\/wp\/v2\/categories?post=3370"},{"taxonomy":"post_tag","embeddable":true,"href":"https:\/\/bwellclinic.es\/ca\/wp-json\/wp\/v2\/tags?post=3370"}],"curies":[{"name":"wp","href":"https:\/\/api.w.org\/{rel}","templated":true}]}}