{"id":2173,"date":"2021-07-14T07:15:00","date_gmt":"2021-07-14T05:15:00","guid":{"rendered":"https:\/\/bwellclinic.es\/psicologia-quan-i-per-que-hauriem-dacudir-al-psicoleg\/"},"modified":"2023-06-25T10:40:34","modified_gmt":"2023-06-25T08:40:34","slug":"psicologia-quan-i-per-que-hauriem-dacudir-al-psicoleg","status":"publish","type":"post","link":"https:\/\/bwellclinic.es\/ca\/psicologia-quan-i-per-que-hauriem-dacudir-al-psicoleg\/","title":{"rendered":"Psicologia: Quan i per qu\u00e8 haur\u00edem d&#8217;acudir al psic\u00f2leg"},"content":{"rendered":"\t\t<div data-elementor-type=\"wp-post\" data-elementor-id=\"2173\" class=\"elementor elementor-2173\" data-elementor-post-type=\"post\">\n\t\t\t\t\t\t<section class=\"elementor-section elementor-top-section elementor-element elementor-element-dd785aa elementor-section-boxed elementor-section-height-default elementor-section-height-default\" data-id=\"dd785aa\" data-element_type=\"section\" data-e-type=\"section\">\n\t\t\t\t\t\t<div class=\"elementor-container elementor-column-gap-default\">\n\t\t\t\t\t<div class=\"elementor-column elementor-col-100 elementor-top-column elementor-element elementor-element-cc6620d\" data-id=\"cc6620d\" data-element_type=\"column\" data-e-type=\"column\">\n\t\t\t<div class=\"elementor-widget-wrap elementor-element-populated\">\n\t\t\t\t\t\t<div class=\"elementor-element elementor-element-d24ec0a elementor-widget elementor-widget-text-editor\" data-id=\"d24ec0a\" data-element_type=\"widget\" data-e-type=\"widget\" data-widget_type=\"text-editor.default\">\n\t\t\t\t<div class=\"elementor-widget-container\">\n\t\t\t\t\t\t\t\t\t<p>La psicologia \u00e9s la ci\u00e8ncia que estudia els processos de la ment humana, les sensacions, les percepcions i el comportament de l&#8217;\u00e9sser hum\u00e0 en relaci\u00f3 amb l&#8217;ambient f\u00edsic i social que l&#8217;envolta.<\/p>\n<p>En aquest sentit, el psic\u00f2leg \u00e9s el professional que t&#8217;ajudar\u00e0 a comprendre aquests processos que es formen a la ment.<\/p>\n\t\t\t\t\t\t\t\t<\/div>\n\t\t\t\t<\/div>\n\t\t\t\t<div class=\"elementor-element elementor-element-eaeb45a elementor-widget elementor-widget-heading\" data-id=\"eaeb45a\" data-element_type=\"widget\" data-e-type=\"widget\" data-widget_type=\"heading.default\">\n\t\t\t\t<div class=\"elementor-widget-container\">\n\t\t\t\t\t<h2 class=\"elementor-heading-title elementor-size-default\">Per qu\u00e8 anar al psic\u00f2leg?\n<\/h2>\t\t\t\t<\/div>\n\t\t\t\t<\/div>\n\t\t\t\t<div class=\"elementor-element elementor-element-e7a1f76 elementor-widget elementor-widget-text-editor\" data-id=\"e7a1f76\" data-element_type=\"widget\" data-e-type=\"widget\" data-widget_type=\"text-editor.default\">\n\t\t\t\t<div class=\"elementor-widget-container\">\n\t\t\t\t\t\t\t\t\t<p>Hi ha molts motius pels quals pots acudir a aquest professional, ja que la psicologia ens pot ajudar en el nostre dia a dia o tamb\u00e9 si tenim algun conflicte.<\/p>\n<p>Tant si han aparegut canvis al nostre entorn que ens facin  <strong>gestionar les emocions de forma no controlada<\/strong>  o diferent, com si volem  <strong>aprendre i aprofundir<\/strong>  sobre per qu\u00e8 estem sentint aquesta emoci\u00f3 o comportament, s\u00f3n alguns dels motius pels quals podr\u00edem demanar cita per a una sessi\u00f3 de psicologia.<\/p>\n\t\t\t\t\t\t\t\t<\/div>\n\t\t\t\t<\/div>\n\t\t\t\t<div class=\"elementor-element elementor-element-074b7d2 elementor-widget elementor-widget-image\" data-id=\"074b7d2\" data-element_type=\"widget\" data-e-type=\"widget\" data-widget_type=\"image.default\">\n\t\t\t\t<div class=\"elementor-widget-container\">\n\t\t\t\t\t\t\t\t\t\t\t\t\t\t\t<img fetchpriority=\"high\" decoding=\"async\" width=\"550\" height=\"350\" src=\"https:\/\/www.bwellclinic.es\/wp-content\/uploads\/2021\/07\/Bwell-Blog-Psicologia-cuando-y-porque-deberiamos-acudir-al-psicologo-1.jpeg\" class=\"attachment-full size-full wp-image-2163\" alt=\"\" srcset=\"https:\/\/www.bwellclinic.es\/wp-content\/uploads\/2021\/07\/Bwell-Blog-Psicologia-cuando-y-porque-deberiamos-acudir-al-psicologo-1.jpeg 550w, https:\/\/www.bwellclinic.es\/wp-content\/uploads\/2021\/07\/Bwell-Blog-Psicologia-cuando-y-porque-deberiamos-acudir-al-psicologo-1-300x191.jpeg 300w\" sizes=\"(max-width: 550px) 100vw, 550px\" \/>\t\t\t\t\t\t\t\t\t\t\t\t\t\t\t<\/div>\n\t\t\t\t<\/div>\n\t\t\t\t<div class=\"elementor-element elementor-element-8005fda elementor-widget elementor-widget-heading\" data-id=\"8005fda\" data-element_type=\"widget\" data-e-type=\"widget\" data-widget_type=\"heading.default\">\n\t\t\t\t<div class=\"elementor-widget-container\">\n\t\t\t\t\t<h2 class=\"elementor-heading-title elementor-size-default\">Quan haur\u00edem d'acudir al psic\u00f2leg?<\/h2>\t\t\t\t<\/div>\n\t\t\t\t<\/div>\n\t\t\t\t<div class=\"elementor-element elementor-element-43f0c03 elementor-widget elementor-widget-text-editor\" data-id=\"43f0c03\" data-element_type=\"widget\" data-e-type=\"widget\" data-widget_type=\"text-editor.default\">\n\t\t\t\t<div class=\"elementor-widget-container\">\n\t\t\t\t\t\t\t\t\t<p>Alguns <strong>s\u00edmptomes<\/strong> que ens indiquen que haur\u00edem d&#8217;acudir a un professional s\u00f3n:<\/p>\n<ul>\n<li>Estr\u00e8s<\/li>\n<li>Irritabilitat<\/li>\n<li>Insomni<\/li>\n<li>Apatia<\/li>\n<li>Problemes de concentraci\u00f3<\/li>\n<li>Tensi\u00f3<\/li>\n<li>Retra\u00efment social<\/li>\n<li>Sentiments de tristesa sense motiu aparent<\/li>\n<li>Emocions negatives o dif\u00edcils de manejar que predominen la major part dels dies<\/li>\n<\/ul>\n<p>Quan el nostre estat d&#8217;\u00e0nim decau i comen\u00e7a a resultar complicat desenvolupar-nos en aquests \u00e0mbits com ho f\u00e8iem anteriorment, \u00e9s un indicatiu que la nostra salut mental es pot estar deteriorant i haur\u00edem d&#8217;acudir a un especialista.<\/p>\n\t\t\t\t\t\t\t\t<\/div>\n\t\t\t\t<\/div>\n\t\t\t\t<div class=\"elementor-element elementor-element-f82d1df elementor-widget elementor-widget-heading\" data-id=\"f82d1df\" data-element_type=\"widget\" data-e-type=\"widget\" data-widget_type=\"heading.default\">\n\t\t\t\t<div class=\"elementor-widget-container\">\n\t\t\t\t\t<h2 class=\"elementor-heading-title elementor-size-default\">Com treballa una professional de psicologia?<\/h2>\t\t\t\t<\/div>\n\t\t\t\t<\/div>\n\t\t\t\t<div class=\"elementor-element elementor-element-b2bd6a2 elementor-widget elementor-widget-text-editor\" data-id=\"b2bd6a2\" data-element_type=\"widget\" data-e-type=\"widget\" data-widget_type=\"text-editor.default\">\n\t\t\t\t<div class=\"elementor-widget-container\">\n\t\t\t\t\t\t\t\t\t<p>El treball es fa de manera individual i aix\u00ed crear un espai de confian\u00e7a entre tots dos. El professional ens guiar\u00e0 en el proc\u00e9s daprenentatge mental que hem de fer, des duna condici\u00f3 sense judici i sempre acompanyant-nos.<\/p>\n\t\t\t\t\t\t\t\t<\/div>\n\t\t\t\t<\/div>\n\t\t\t\t<div class=\"elementor-element elementor-element-c095c2b elementor-widget elementor-widget-image\" data-id=\"c095c2b\" data-element_type=\"widget\" data-e-type=\"widget\" data-widget_type=\"image.default\">\n\t\t\t\t<div class=\"elementor-widget-container\">\n\t\t\t\t\t\t\t\t\t\t\t\t\t\t\t<img decoding=\"async\" width=\"550\" height=\"350\" src=\"https:\/\/www.bwellclinic.es\/wp-content\/uploads\/2021\/07\/Bwell-Blog-Psicologia-cuando-y-porque-deberiamos-acudir-al-psicologo-2.jpeg\" class=\"attachment-large size-large wp-image-2166\" alt=\"\" srcset=\"https:\/\/www.bwellclinic.es\/wp-content\/uploads\/2021\/07\/Bwell-Blog-Psicologia-cuando-y-porque-deberiamos-acudir-al-psicologo-2.jpeg 550w, https:\/\/www.bwellclinic.es\/wp-content\/uploads\/2021\/07\/Bwell-Blog-Psicologia-cuando-y-porque-deberiamos-acudir-al-psicologo-2-300x191.jpeg 300w\" sizes=\"(max-width: 550px) 100vw, 550px\" \/>\t\t\t\t\t\t\t\t\t\t\t\t\t\t\t<\/div>\n\t\t\t\t<\/div>\n\t\t\t\t<div class=\"elementor-element elementor-element-d28d4c9 elementor-widget elementor-widget-text-editor\" data-id=\"d28d4c9\" data-element_type=\"widget\" data-e-type=\"widget\" data-widget_type=\"text-editor.default\">\n\t\t\t\t<div class=\"elementor-widget-container\">\n\t\t\t\t\t\t\t\t\t<p>Des de Bwell Clinic volem ajudar-te a superar aquesta etapa dif\u00edcil, a retrobar-te ia desfer-te del que et limita, per aix\u00f2 mateix tamb\u00e9 oferim un servei de psicologia realitzat per la nostra professional Lucia Pirla.<\/p>\n<p>Nosaltres utilitzem un abordatge natural: creiem en el poder d&#8217;autocuraci\u00f3 del cos i ment aix\u00ed que us oferim les eines per assolir-lo. El que varia \u00e9s el mitj\u00e0 per aconseguir-ho. Per aix\u00f2, ens hem unit al mateix lloc professionals experts en diverses disciplines, entre elles la psicologia.<\/p>\n<p><strong>Tu ets \u00fanic:<\/strong> el teu estil de vida, la teva feina, l&#8217;esport que practiques i el teu nivell d&#8217;entrenament. Donem resposta a una necessitat b\u00e0sica: estar b\u00e9 i sentir-se a gust en el cos i la ment que habites. Volem que <strong>torneu a trobar l&#8217;equilibri.<\/strong><\/p>\n<p>Si desitges m\u00e9s informaci\u00f3 o tens qualsevol dubte en l&#8217;\u00e0mbit de la psicologia, no dubtis en posar-te en contacte amb nosaltres trucant-nos al <strong>931 282 112<\/strong> o escrivint-nos a <strong>info@bwellclinic.es<\/strong><\/p>\n\t\t\t\t\t\t\t\t<\/div>\n\t\t\t\t<\/div>\n\t\t\t\t\t<\/div>\n\t\t<\/div>\n\t\t\t\t\t<\/div>\n\t\t<\/section>\n\t\t\t\t<\/div>\n\t\t","protected":false},"excerpt":{"rendered":"<p>La psicologia \u00e9s la ci\u00e8ncia que estudia els processos de la ment humana, les sensacions, les percepcions i el comportament de l&#8217;\u00e9sser hum\u00e0 en relaci\u00f3 amb l&#8217;ambient f\u00edsic i social que l&#8217;envolta. En aquest sentit, el psic\u00f2leg \u00e9s el professional que t&#8217;ajudar\u00e0 a comprendre aquests processos que es formen a la ment. Per qu\u00e8 anar [&hellip;]<\/p>\n","protected":false},"author":2,"featured_media":2160,"comment_status":"closed","ping_status":"open","sticky":false,"template":"","format":"standard","meta":{"_joinchat":[],"footnotes":""},"categories":[12],"tags":[],"class_list":["post-2173","post","type-post","status-publish","format-standard","has-post-thumbnail","hentry","category-uncategorized-ca"],"_links":{"self":[{"href":"https:\/\/bwellclinic.es\/ca\/wp-json\/wp\/v2\/posts\/2173","targetHints":{"allow":["GET"]}}],"collection":[{"href":"https:\/\/bwellclinic.es\/ca\/wp-json\/wp\/v2\/posts"}],"about":[{"href":"https:\/\/bwellclinic.es\/ca\/wp-json\/wp\/v2\/types\/post"}],"author":[{"embeddable":true,"href":"https:\/\/bwellclinic.es\/ca\/wp-json\/wp\/v2\/users\/2"}],"replies":[{"embeddable":true,"href":"https:\/\/bwellclinic.es\/ca\/wp-json\/wp\/v2\/comments?post=2173"}],"version-history":[{"count":1,"href":"https:\/\/bwellclinic.es\/ca\/wp-json\/wp\/v2\/posts\/2173\/revisions"}],"predecessor-version":[{"id":2175,"href":"https:\/\/bwellclinic.es\/ca\/wp-json\/wp\/v2\/posts\/2173\/revisions\/2175"}],"wp:featuredmedia":[{"embeddable":true,"href":"https:\/\/bwellclinic.es\/ca\/wp-json\/wp\/v2\/media\/2160"}],"wp:attachment":[{"href":"https:\/\/bwellclinic.es\/ca\/wp-json\/wp\/v2\/media?parent=2173"}],"wp:term":[{"taxonomy":"category","embeddable":true,"href":"https:\/\/bwellclinic.es\/ca\/wp-json\/wp\/v2\/categories?post=2173"},{"taxonomy":"post_tag","embeddable":true,"href":"https:\/\/bwellclinic.es\/ca\/wp-json\/wp\/v2\/tags?post=2173"}],"curies":[{"name":"wp","href":"https:\/\/api.w.org\/{rel}","templated":true}]}}