{"id":2066,"date":"2022-01-06T07:15:00","date_gmt":"2022-01-06T05:15:00","guid":{"rendered":"https:\/\/bwellclinic.es\/fisioterapia-respiratoria-que-es-i-quan-esta-indicada\/"},"modified":"2024-07-19T19:36:10","modified_gmt":"2024-07-19T17:36:10","slug":"fisioterapia-respiratoria-que-es-i-quan-esta-indicada","status":"publish","type":"post","link":"https:\/\/bwellclinic.es\/ca\/fisioterapia-respiratoria-que-es-i-quan-esta-indicada\/","title":{"rendered":"Fisioter\u00e0pia respirat\u00f2ria: Qu\u00e8 \u00e9s i quan est\u00e0 indicada"},"content":{"rendered":"\t\t<div data-elementor-type=\"wp-post\" data-elementor-id=\"2066\" class=\"elementor elementor-2066 elementor-2051\" data-elementor-post-type=\"post\">\n\t\t\t\t\t\t<section class=\"elementor-section elementor-top-section elementor-element elementor-element-0159a33 elementor-section-boxed elementor-section-height-default elementor-section-height-default\" data-id=\"0159a33\" data-element_type=\"section\" data-e-type=\"section\">\n\t\t\t\t\t\t<div class=\"elementor-container elementor-column-gap-default\">\n\t\t\t\t\t<div class=\"elementor-column elementor-col-100 elementor-top-column elementor-element elementor-element-abc2b1e\" data-id=\"abc2b1e\" data-element_type=\"column\" data-e-type=\"column\">\n\t\t\t<div class=\"elementor-widget-wrap elementor-element-populated\">\n\t\t\t\t\t\t<div class=\"elementor-element elementor-element-8e11254 elementor-widget elementor-widget-text-editor\" data-id=\"8e11254\" data-element_type=\"widget\" data-e-type=\"widget\" data-widget_type=\"text-editor.default\">\n\t\t\t\t<div class=\"elementor-widget-container\">\n\t\t\t\t\t\t\t\t\t<p>La fisioter\u00e0pia respirat\u00f2ria \u00e9s una subespecialitat dins de la fisioter\u00e0pia enfocada a prevenir, tractar i estabilitzar les disfuncions o alteracions de la respiraci\u00f3.<\/p>\n\t\t\t\t\t\t\t\t<\/div>\n\t\t\t\t<\/div>\n\t\t\t\t<div class=\"elementor-element elementor-element-e0d3f5f elementor-widget elementor-widget-heading\" data-id=\"e0d3f5f\" data-element_type=\"widget\" data-e-type=\"widget\" data-widget_type=\"heading.default\">\n\t\t\t\t<div class=\"elementor-widget-container\">\n\t\t\t\t\t<h2 class=\"elementor-heading-title elementor-size-default\">Qu\u00e8 \u00e9s la fisioter\u00e0pia respirat\u00f2ria?<\/h2>\t\t\t\t<\/div>\n\t\t\t\t<\/div>\n\t\t\t\t<div class=\"elementor-element elementor-element-1b4b08b elementor-widget elementor-widget-text-editor\" data-id=\"1b4b08b\" data-element_type=\"widget\" data-e-type=\"widget\" data-widget_type=\"text-editor.default\">\n\t\t\t\t<div class=\"elementor-widget-container\">\n\t\t\t\t\t\t\t\t\t<p>La fisioter\u00e0pia respirat\u00f2ria \u00e9s una especialitat dedicada a la <strong>prevenci\u00f3, el tractament i l&#8217;estabilitzaci\u00f3 de l&#8217;aparell respiratori.<\/strong><\/p>\n<p>El fisioterapeuta tracta les vies per on passa l&#8217;aire, les costelles, les pleures i els m\u00fasculs, entre altres teixits, per millorar la ventilaci\u00f3 del pacient, utilitzant l&#8217;aire com a element terap\u00e8utic, de manera que ajuda els mecanismes de defensa del sistema respiratori.<\/p>\n<p>La fisioter\u00e0pia respirat\u00f2ria <strong>no substitueix un tractament m\u00e8dic, sin\u00f3 que es complementa<\/strong> . A m\u00e9s de generar al pacient una millor qualitat de vida gr\u00e0cies a la prevenci\u00f3 de malalties i\/o complicacions broncopulmonars.<\/p>\n\t\t\t\t\t\t\t\t<\/div>\n\t\t\t\t<\/div>\n\t\t\t\t<div class=\"elementor-element elementor-element-d58b2c8 elementor-widget elementor-widget-image\" data-id=\"d58b2c8\" data-element_type=\"widget\" data-e-type=\"widget\" data-widget_type=\"image.default\">\n\t\t\t\t<div class=\"elementor-widget-container\">\n\t\t\t\t\t\t\t\t\t\t\t\t\t\t\t<img fetchpriority=\"high\" decoding=\"async\" width=\"550\" height=\"350\" src=\"https:\/\/www.bwellclinic.es\/wp-content\/uploads\/2022\/01\/Bwell-Blog-fisio-respiratoria-Que-es-y-cuando-esta-indicada-1.jpeg\" class=\"attachment-full size-full wp-image-2057\" alt=\"\" srcset=\"https:\/\/www.bwellclinic.es\/wp-content\/uploads\/2022\/01\/Bwell-Blog-fisio-respiratoria-Que-es-y-cuando-esta-indicada-1.jpeg 550w, https:\/\/www.bwellclinic.es\/wp-content\/uploads\/2022\/01\/Bwell-Blog-fisio-respiratoria-Que-es-y-cuando-esta-indicada-1-300x191.jpeg 300w\" sizes=\"(max-width: 550px) 100vw, 550px\" \/>\t\t\t\t\t\t\t\t\t\t\t\t\t\t\t<\/div>\n\t\t\t\t<\/div>\n\t\t\t\t<div class=\"elementor-element elementor-element-04ccd60 elementor-widget elementor-widget-heading\" data-id=\"04ccd60\" data-element_type=\"widget\" data-e-type=\"widget\" data-widget_type=\"heading.default\">\n\t\t\t\t<div class=\"elementor-widget-container\">\n\t\t\t\t\t<h2 class=\"elementor-heading-title elementor-size-default\">Quan est\u00e0 indicada?<\/h2>\t\t\t\t<\/div>\n\t\t\t\t<\/div>\n\t\t\t\t\t<\/div>\n\t\t<\/div>\n\t\t\t\t\t<\/div>\n\t\t<\/section>\n\t\t\t\t<section class=\"elementor-section elementor-top-section elementor-element elementor-element-a192578 elementor-section-boxed elementor-section-height-default elementor-section-height-default\" data-id=\"a192578\" data-element_type=\"section\" data-e-type=\"section\">\n\t\t\t\t\t\t<div class=\"elementor-container elementor-column-gap-default\">\n\t\t\t\t\t<div class=\"elementor-column elementor-col-100 elementor-top-column elementor-element elementor-element-a473fea\" data-id=\"a473fea\" data-element_type=\"column\" data-e-type=\"column\">\n\t\t\t<div class=\"elementor-widget-wrap elementor-element-populated\">\n\t\t\t\t\t\t<div class=\"elementor-element elementor-element-fe97e66 elementor-widget elementor-widget-text-editor\" data-id=\"fe97e66\" data-element_type=\"widget\" data-e-type=\"widget\" data-widget_type=\"text-editor.default\">\n\t\t\t\t<div class=\"elementor-widget-container\">\n\t\t\t\t\t\t\t\t\t<p>En general s&#8217;aplica en situacions que provoquin un <strong>augment de secrecions<\/strong> , una <strong>alteraci\u00f3 de la mec\u00e0nica ventilat\u00f2ria de la caixa tor\u00e0cica<\/strong> i\/o un <strong>d\u00e8ficit als mecanismes de neteja bronquial.<\/strong><\/p>\n<p>L&#8217;augment de mucositat, expectorada o no, l&#8217;augment de tos persistent, roncs o sons a la respiraci\u00f3 i alguns altres s\u00edmptomes relacionats ens poden servir com a guia per rec\u00f3rrer a la fisioter\u00e0pia.<\/p>\n\t\t\t\t\t\t\t\t<\/div>\n\t\t\t\t<\/div>\n\t\t\t\t<div class=\"elementor-element elementor-element-ca72f01 elementor-widget elementor-widget-image\" data-id=\"ca72f01\" data-element_type=\"widget\" data-e-type=\"widget\" data-widget_type=\"image.default\">\n\t\t\t\t<div class=\"elementor-widget-container\">\n\t\t\t\t\t\t\t\t\t\t\t\t\t\t\t<img decoding=\"async\" width=\"550\" height=\"350\" src=\"https:\/\/www.bwellclinic.es\/wp-content\/uploads\/2022\/01\/Bwell-Blog-fisio-respiratoria-Que-es-y-cuando-esta-indicada-q.jpeg\" class=\"attachment-full size-full wp-image-2060\" alt=\"\" srcset=\"https:\/\/www.bwellclinic.es\/wp-content\/uploads\/2022\/01\/Bwell-Blog-fisio-respiratoria-Que-es-y-cuando-esta-indicada-q.jpeg 550w, https:\/\/www.bwellclinic.es\/wp-content\/uploads\/2022\/01\/Bwell-Blog-fisio-respiratoria-Que-es-y-cuando-esta-indicada-q-300x191.jpeg 300w\" sizes=\"(max-width: 550px) 100vw, 550px\" \/>\t\t\t\t\t\t\t\t\t\t\t\t\t\t\t<\/div>\n\t\t\t\t<\/div>\n\t\t\t\t<div class=\"elementor-element elementor-element-23ff41e elementor-widget elementor-widget-text-editor\" data-id=\"23ff41e\" data-element_type=\"widget\" data-e-type=\"widget\" data-widget_type=\"text-editor.default\">\n\t\t\t\t<div class=\"elementor-widget-container\">\n\t\t\t\t\t\t\t\t\t<p>A Bwell Clinic tenim un gran equip d&#8217;especialistes, com Berta Portales, especialista en fisioter\u00e0pia respirat\u00f2ria.<\/p>\n<p>Si desitges m\u00e9s informaci\u00f3 o tens qualsevol dubte, no dubtis en posar-te en contacte amb nosaltres trucant-nos al <strong>931 282 112<\/strong> o escrivint-nos a <strong>info@bwellclinic.es<\/strong><\/p>\n\t\t\t\t\t\t\t\t<\/div>\n\t\t\t\t<\/div>\n\t\t\t\t\t<\/div>\n\t\t<\/div>\n\t\t\t\t\t<\/div>\n\t\t<\/section>\n\t\t\t\t<\/div>\n\t\t","protected":false},"excerpt":{"rendered":"<p>La fisioter\u00e0pia respirat\u00f2ria \u00e9s una subespecialitat dins de la fisioter\u00e0pia enfocada a prevenir, tractar i estabilitzar les disfuncions o alteracions de la respiraci\u00f3. Qu\u00e8 \u00e9s la fisioter\u00e0pia respirat\u00f2ria? La fisioter\u00e0pia respirat\u00f2ria \u00e9s una especialitat dedicada a la prevenci\u00f3, el tractament i l&#8217;estabilitzaci\u00f3 de l&#8217;aparell respiratori. El fisioterapeuta tracta les vies per on passa l&#8217;aire, les [&hellip;]<\/p>\n","protected":false},"author":2,"featured_media":2054,"comment_status":"closed","ping_status":"open","sticky":false,"template":"","format":"standard","meta":{"_joinchat":[],"footnotes":""},"categories":[12],"tags":[],"class_list":["post-2066","post","type-post","status-publish","format-standard","has-post-thumbnail","hentry","category-uncategorized-ca"],"_links":{"self":[{"href":"https:\/\/bwellclinic.es\/ca\/wp-json\/wp\/v2\/posts\/2066","targetHints":{"allow":["GET"]}}],"collection":[{"href":"https:\/\/bwellclinic.es\/ca\/wp-json\/wp\/v2\/posts"}],"about":[{"href":"https:\/\/bwellclinic.es\/ca\/wp-json\/wp\/v2\/types\/post"}],"author":[{"embeddable":true,"href":"https:\/\/bwellclinic.es\/ca\/wp-json\/wp\/v2\/users\/2"}],"replies":[{"embeddable":true,"href":"https:\/\/bwellclinic.es\/ca\/wp-json\/wp\/v2\/comments?post=2066"}],"version-history":[{"count":3,"href":"https:\/\/bwellclinic.es\/ca\/wp-json\/wp\/v2\/posts\/2066\/revisions"}],"predecessor-version":[{"id":4171,"href":"https:\/\/bwellclinic.es\/ca\/wp-json\/wp\/v2\/posts\/2066\/revisions\/4171"}],"wp:featuredmedia":[{"embeddable":true,"href":"https:\/\/bwellclinic.es\/ca\/wp-json\/wp\/v2\/media\/2054"}],"wp:attachment":[{"href":"https:\/\/bwellclinic.es\/ca\/wp-json\/wp\/v2\/media?parent=2066"}],"wp:term":[{"taxonomy":"category","embeddable":true,"href":"https:\/\/bwellclinic.es\/ca\/wp-json\/wp\/v2\/categories?post=2066"},{"taxonomy":"post_tag","embeddable":true,"href":"https:\/\/bwellclinic.es\/ca\/wp-json\/wp\/v2\/tags?post=2066"}],"curies":[{"name":"wp","href":"https:\/\/api.w.org\/{rel}","templated":true}]}}