{"id":1836,"date":"2021-09-02T07:15:00","date_gmt":"2021-09-02T05:15:00","guid":{"rendered":"https:\/\/bwellclinic.es\/osteopatia-de-vertigens-que-es-i-quins-son-els-seus-simptomes\/"},"modified":"2023-07-06T15:12:53","modified_gmt":"2023-07-06T13:12:53","slug":"osteopatia-de-vertigens-que-es-i-quins-son-els-seus-simptomes","status":"publish","type":"post","link":"https:\/\/bwellclinic.es\/ca\/osteopatia-de-vertigens-que-es-i-quins-son-els-seus-simptomes\/","title":{"rendered":"Osteopatia de vert\u00edgens: Qu\u00e8 \u00e9s i quins s\u00f3n els seus s\u00edmptomes"},"content":{"rendered":"\t\t<div data-elementor-type=\"wp-post\" data-elementor-id=\"1836\" class=\"elementor elementor-1836 elementor-1818\" data-elementor-post-type=\"post\">\n\t\t\t\t\t\t<section class=\"elementor-section elementor-top-section elementor-element elementor-element-4de2c14 elementor-section-boxed elementor-section-height-default elementor-section-height-default\" data-id=\"4de2c14\" data-element_type=\"section\" data-e-type=\"section\">\n\t\t\t\t\t\t<div class=\"elementor-container elementor-column-gap-default\">\n\t\t\t\t\t<div class=\"elementor-column elementor-col-100 elementor-top-column elementor-element elementor-element-2d3a251\" data-id=\"2d3a251\" data-element_type=\"column\" data-e-type=\"column\">\n\t\t\t<div class=\"elementor-widget-wrap elementor-element-populated\">\n\t\t\t\t\t\t<div class=\"elementor-element elementor-element-28d990e elementor-widget elementor-widget-text-editor\" data-id=\"28d990e\" data-element_type=\"widget\" data-e-type=\"widget\" data-widget_type=\"text-editor.default\">\n\t\t\t\t<div class=\"elementor-widget-container\">\n\t\t\t\t\t\t\t\t\t<p>Cada vegada m\u00e9s el vertigen i els marejos s\u00f3n un s\u00edmptoma molt recurrent en la nostra societat, aquests et provoquen una inc\u00f2moda sensaci\u00f3 que tot gira al teu voltant, que en qualsevol moment caur\u00e0s.<\/p>\n\t\t\t\t\t\t\t\t<\/div>\n\t\t\t\t<\/div>\n\t\t\t\t<div class=\"elementor-element elementor-element-3a3b3ed elementor-widget elementor-widget-heading\" data-id=\"3a3b3ed\" data-element_type=\"widget\" data-e-type=\"widget\" data-widget_type=\"heading.default\">\n\t\t\t\t<div class=\"elementor-widget-container\">\n\t\t\t\t\t<h2 class=\"elementor-heading-title elementor-size-default\">Qu\u00e8 \u00e9s el vertigen?<\/h2>\t\t\t\t<\/div>\n\t\t\t\t<\/div>\n\t\t\t\t<div class=\"elementor-element elementor-element-7f6f5c9 elementor-widget elementor-widget-text-editor\" data-id=\"7f6f5c9\" data-element_type=\"widget\" data-e-type=\"widget\" data-widget_type=\"text-editor.default\">\n\t\t\t\t<div class=\"elementor-widget-container\">\n\t\t\t\t\t\t\t\t\t<p>El vertigen \u00e9s la <strong>sensaci\u00f3 que tot fa voltes,<\/strong> de mareig o de moviment, encara que el cos estigui imm\u00f2bil.<\/p>\n<p>\u00c9s un problema freq\u00fcent a causa del qual la persona pot sentir de sobte que tot all\u00f2 que l&#8217;envolta gira, es mou o trontolla.<\/p>\n\t\t\t\t\t\t\t\t<\/div>\n\t\t\t\t<\/div>\n\t\t\t\t<div class=\"elementor-element elementor-element-ad03ce0 elementor-widget elementor-widget-image\" data-id=\"ad03ce0\" data-element_type=\"widget\" data-e-type=\"widget\" data-widget_type=\"image.default\">\n\t\t\t\t<div class=\"elementor-widget-container\">\n\t\t\t\t\t\t\t\t\t\t\t\t\t\t\t<img fetchpriority=\"high\" decoding=\"async\" width=\"550\" height=\"350\" src=\"https:\/\/www.bwellclinic.es\/wp-content\/uploads\/2021\/09\/Bwell-Blog-OSTEOPATIA-DE-VERTIGOS-QUE-ES-Y-CUALES-SON-SUS-SINTOMAS-1.png\" class=\"attachment-full size-full wp-image-1828\" alt=\"\" srcset=\"https:\/\/www.bwellclinic.es\/wp-content\/uploads\/2021\/09\/Bwell-Blog-OSTEOPATIA-DE-VERTIGOS-QUE-ES-Y-CUALES-SON-SUS-SINTOMAS-1.png 550w, https:\/\/www.bwellclinic.es\/wp-content\/uploads\/2021\/09\/Bwell-Blog-OSTEOPATIA-DE-VERTIGOS-QUE-ES-Y-CUALES-SON-SUS-SINTOMAS-1-300x191.png 300w\" sizes=\"(max-width: 550px) 100vw, 550px\" \/>\t\t\t\t\t\t\t\t\t\t\t\t\t\t\t<\/div>\n\t\t\t\t<\/div>\n\t\t\t\t<div class=\"elementor-element elementor-element-0f89f50 elementor-widget elementor-widget-heading\" data-id=\"0f89f50\" data-element_type=\"widget\" data-e-type=\"widget\" data-widget_type=\"heading.default\">\n\t\t\t\t<div class=\"elementor-widget-container\">\n\t\t\t\t\t<h2 class=\"elementor-heading-title elementor-size-default\">Quina \u00e9s la difer\u00e8ncia entre vertigen i mareig?<\/h2>\t\t\t\t<\/div>\n\t\t\t\t<\/div>\n\t\t\t\t<div class=\"elementor-element elementor-element-8871f96 elementor-widget elementor-widget-text-editor\" data-id=\"8871f96\" data-element_type=\"widget\" data-e-type=\"widget\" data-widget_type=\"text-editor.default\">\n\t\t\t\t<div class=\"elementor-widget-container\">\n\t\t\t\t\t\t\t\t\t<p>El <strong>mareig \u00e9s una alteraci\u00f3 de lequilibri.<\/strong> En canvi, el <strong>vertigen \u00e9s una alteraci\u00f3 del sistema vestibular<\/strong> , que est\u00e0 allotjat a l&#8217;orella interna i el seu centre neurol\u00f2gic \u00e9s al tronc de l&#8217;enc\u00e8fal.<\/p>\n\t\t\t\t\t\t\t\t<\/div>\n\t\t\t\t<\/div>\n\t\t\t\t<div class=\"elementor-element elementor-element-c58806e elementor-widget elementor-widget-heading\" data-id=\"c58806e\" data-element_type=\"widget\" data-e-type=\"widget\" data-widget_type=\"heading.default\">\n\t\t\t\t<div class=\"elementor-widget-container\">\n\t\t\t\t\t<h2 class=\"elementor-heading-title elementor-size-default\">Quins s\u00edmptomes puc tenir en experimentar un vertigen?<\/h2>\t\t\t\t<\/div>\n\t\t\t\t<\/div>\n\t\t\t\t<div class=\"elementor-element elementor-element-3351943 elementor-widget elementor-widget-text-editor\" data-id=\"3351943\" data-element_type=\"widget\" data-e-type=\"widget\" data-widget_type=\"text-editor.default\">\n\t\t\t\t<div class=\"elementor-widget-container\">\n\t\t\t\t\t\t\t\t\t<p>Alguns s\u00edmptomes que ens indiquen que estem experimentant un vertigen s\u00f3n:<\/p>\n<ul>\n<li>Sensaci\u00f3 que tot gira al teu voltant<\/li>\n<li>Sensaci\u00f3 d&#8217;inestabilitat<\/li>\n<li>Dolor de cervicals<\/li>\n<li>N\u00e0usees<\/li>\n<li>Mal de cap<\/li>\n<\/ul>\n\t\t\t\t\t\t\t\t<\/div>\n\t\t\t\t<\/div>\n\t\t\t\t<div class=\"elementor-element elementor-element-d67499b elementor-widget elementor-widget-image\" data-id=\"d67499b\" data-element_type=\"widget\" data-e-type=\"widget\" data-widget_type=\"image.default\">\n\t\t\t\t<div class=\"elementor-widget-container\">\n\t\t\t\t\t\t\t\t\t\t\t\t\t\t\t<img decoding=\"async\" width=\"550\" height=\"350\" src=\"https:\/\/www.bwellclinic.es\/wp-content\/uploads\/2021\/09\/Bwell-Blog-OSTEOPATIA-DE-VERTIGOS-QUE-ES-Y-CUALES-SON-SUS-SINTOMAS-2.png\" class=\"attachment-full size-full wp-image-1831\" alt=\"\" srcset=\"https:\/\/www.bwellclinic.es\/wp-content\/uploads\/2021\/09\/Bwell-Blog-OSTEOPATIA-DE-VERTIGOS-QUE-ES-Y-CUALES-SON-SUS-SINTOMAS-2.png 550w, https:\/\/www.bwellclinic.es\/wp-content\/uploads\/2021\/09\/Bwell-Blog-OSTEOPATIA-DE-VERTIGOS-QUE-ES-Y-CUALES-SON-SUS-SINTOMAS-2-300x191.png 300w\" sizes=\"(max-width: 550px) 100vw, 550px\" \/>\t\t\t\t\t\t\t\t\t\t\t\t\t\t\t<\/div>\n\t\t\t\t<\/div>\n\t\t\t\t<div class=\"elementor-element elementor-element-4227dfb elementor-widget elementor-widget-text-editor\" data-id=\"4227dfb\" data-element_type=\"widget\" data-e-type=\"widget\" data-widget_type=\"text-editor.default\">\n\t\t\t\t<div class=\"elementor-widget-container\">\n\t\t\t\t\t\t\t\t\t<p>A Bwell volem que deixis d&#8217;experimentar aquestes sensacions de mareig i vertigen, per aix\u00f2 comptem amb Lorenzo Massaro, el nostre oste\u00f2pata especialista en vert\u00edgens. Ell, mitjan\u00e7ant una s\u00e8rie de proves, diagnosticar\u00e0 el teu problema i el tractar\u00e0 en conseq\u00fc\u00e8ncia<\/p>\n<p>Si desitges m\u00e9s informaci\u00f3 o tens qualsevol dubte, pots posar-te en contacte amb nosaltres trucant-nos al <strong>931 282 112<\/strong> o escrivint-nos a <strong>info@bwellclinic.es<\/strong><\/p>\n\t\t\t\t\t\t\t\t<\/div>\n\t\t\t\t<\/div>\n\t\t\t\t\t<\/div>\n\t\t<\/div>\n\t\t\t\t\t<\/div>\n\t\t<\/section>\n\t\t\t\t<\/div>\n\t\t","protected":false},"excerpt":{"rendered":"<p>Cada vegada m\u00e9s el vertigen i els marejos s\u00f3n un s\u00edmptoma molt recurrent en la nostra societat, aquests et provoquen una inc\u00f2moda sensaci\u00f3 que tot gira al teu voltant, que en qualsevol moment caur\u00e0s. Qu\u00e8 \u00e9s el vertigen? El vertigen \u00e9s la sensaci\u00f3 que tot fa voltes, de mareig o de moviment, encara que el [&hellip;]<\/p>\n","protected":false},"author":2,"featured_media":1825,"comment_status":"closed","ping_status":"open","sticky":false,"template":"","format":"standard","meta":{"_joinchat":[],"footnotes":""},"categories":[12],"tags":[],"class_list":["post-1836","post","type-post","status-publish","format-standard","has-post-thumbnail","hentry","category-uncategorized-ca"],"_links":{"self":[{"href":"https:\/\/bwellclinic.es\/ca\/wp-json\/wp\/v2\/posts\/1836","targetHints":{"allow":["GET"]}}],"collection":[{"href":"https:\/\/bwellclinic.es\/ca\/wp-json\/wp\/v2\/posts"}],"about":[{"href":"https:\/\/bwellclinic.es\/ca\/wp-json\/wp\/v2\/types\/post"}],"author":[{"embeddable":true,"href":"https:\/\/bwellclinic.es\/ca\/wp-json\/wp\/v2\/users\/2"}],"replies":[{"embeddable":true,"href":"https:\/\/bwellclinic.es\/ca\/wp-json\/wp\/v2\/comments?post=1836"}],"version-history":[{"count":5,"href":"https:\/\/bwellclinic.es\/ca\/wp-json\/wp\/v2\/posts\/1836\/revisions"}],"predecessor-version":[{"id":2785,"href":"https:\/\/bwellclinic.es\/ca\/wp-json\/wp\/v2\/posts\/1836\/revisions\/2785"}],"wp:featuredmedia":[{"embeddable":true,"href":"https:\/\/bwellclinic.es\/ca\/wp-json\/wp\/v2\/media\/1825"}],"wp:attachment":[{"href":"https:\/\/bwellclinic.es\/ca\/wp-json\/wp\/v2\/media?parent=1836"}],"wp:term":[{"taxonomy":"category","embeddable":true,"href":"https:\/\/bwellclinic.es\/ca\/wp-json\/wp\/v2\/categories?post=1836"},{"taxonomy":"post_tag","embeddable":true,"href":"https:\/\/bwellclinic.es\/ca\/wp-json\/wp\/v2\/tags?post=1836"}],"curies":[{"name":"wp","href":"https:\/\/api.w.org\/{rel}","templated":true}]}}