{"id":1577,"date":"2021-07-29T07:14:00","date_gmt":"2021-07-29T05:14:00","guid":{"rendered":"https:\/\/bwellclinic.es\/osteopatia-pediatrica-quan-i-per-que-cal\/"},"modified":"2023-06-23T17:39:49","modified_gmt":"2023-06-23T15:39:49","slug":"osteopatia-pediatrica-quan-i-per-que-cal","status":"publish","type":"post","link":"https:\/\/bwellclinic.es\/ca\/osteopatia-pediatrica-quan-i-per-que-cal\/","title":{"rendered":"Osteopatia pedi\u00e0trica: Quan i per qu\u00e8 cal"},"content":{"rendered":"\t\t<div data-elementor-type=\"wp-post\" data-elementor-id=\"1577\" class=\"elementor elementor-1577\" data-elementor-post-type=\"post\">\n\t\t\t\t\t\t<section class=\"elementor-section elementor-top-section elementor-element elementor-element-de170c9 elementor-section-boxed elementor-section-height-default elementor-section-height-default\" data-id=\"de170c9\" data-element_type=\"section\" data-e-type=\"section\">\n\t\t\t\t\t\t<div class=\"elementor-container elementor-column-gap-default\">\n\t\t\t\t\t<div class=\"elementor-column elementor-col-100 elementor-top-column elementor-element elementor-element-33161cf\" data-id=\"33161cf\" data-element_type=\"column\" data-e-type=\"column\">\n\t\t\t<div class=\"elementor-widget-wrap elementor-element-populated\">\n\t\t\t\t\t\t<div class=\"elementor-element elementor-element-775d08c elementor-widget elementor-widget-text-editor\" data-id=\"775d08c\" data-element_type=\"widget\" data-e-type=\"widget\" data-widget_type=\"text-editor.default\">\n\t\t\t\t<div class=\"elementor-widget-container\">\n\t\t\t\t\t\t\t\t\t<p>L&#8217;osteopatia representa una de les formes m\u00e9s eficaces de medicina natural, i \u00e9s absolutament inn\u00f2cua i sense contraindicacions. Est\u00e0 indicada per a pacients de qualsevol edat, per\u00f2 \u00e9s especialment adequada per als nens i nadons.<\/p>\n\t\t\t\t\t\t\t\t<\/div>\n\t\t\t\t<\/div>\n\t\t\t\t\t<\/div>\n\t\t<\/div>\n\t\t\t\t\t<\/div>\n\t\t<\/section>\n\t\t\t\t<section class=\"elementor-section elementor-top-section elementor-element elementor-element-52754fd elementor-section-boxed elementor-section-height-default elementor-section-height-default\" data-id=\"52754fd\" data-element_type=\"section\" data-e-type=\"section\">\n\t\t\t\t\t\t<div class=\"elementor-container elementor-column-gap-default\">\n\t\t\t\t\t<div class=\"elementor-column elementor-col-100 elementor-top-column elementor-element elementor-element-c3773b7\" data-id=\"c3773b7\" data-element_type=\"column\" data-e-type=\"column\">\n\t\t\t<div class=\"elementor-widget-wrap elementor-element-populated\">\n\t\t\t\t\t\t<div class=\"elementor-element elementor-element-5773852 elementor-widget elementor-widget-heading\" data-id=\"5773852\" data-element_type=\"widget\" data-e-type=\"widget\" data-widget_type=\"heading.default\">\n\t\t\t\t<div class=\"elementor-widget-container\">\n\t\t\t\t\t<h2 class=\"elementor-heading-title elementor-size-default\">Per qu\u00e8 es recomana l'osteopatia a edats tan primerenques?<br><\/h2>\t\t\t\t<\/div>\n\t\t\t\t<\/div>\n\t\t\t\t\t<\/div>\n\t\t<\/div>\n\t\t\t\t\t<\/div>\n\t\t<\/section>\n\t\t\t\t<section class=\"elementor-section elementor-top-section elementor-element elementor-element-85f9d0f elementor-section-boxed elementor-section-height-default elementor-section-height-default\" data-id=\"85f9d0f\" data-element_type=\"section\" data-e-type=\"section\">\n\t\t\t\t\t\t<div class=\"elementor-container elementor-column-gap-default\">\n\t\t\t\t\t<div class=\"elementor-column elementor-col-100 elementor-top-column elementor-element elementor-element-c405cf9\" data-id=\"c405cf9\" data-element_type=\"column\" data-e-type=\"column\">\n\t\t\t<div class=\"elementor-widget-wrap elementor-element-populated\">\n\t\t\t\t\t\t<div class=\"elementor-element elementor-element-f7ba485 elementor-widget elementor-widget-text-editor\" data-id=\"f7ba485\" data-element_type=\"widget\" data-e-type=\"widget\" data-widget_type=\"text-editor.default\">\n\t\t\t\t<div class=\"elementor-widget-container\">\n\t\t\t\t\t\t\t\t\t<p>Els pujos a qu\u00e8 se sotmet el petit durant el pas pel canal del part tendeixen a <strong>comprimir el nad\u00f3 entre els ossos de la pelvis<\/strong> de la mare.<\/p>\n<p>Amb freq\u00fc\u00e8ncia, aquestes \u201cdistorsions\u201d (com les defineixen els oste\u00f2pates) no es resolen soles i poden <strong>influir en el benestar del nounat<\/strong> , fent-lo m\u00e9s vulnerable a problemes de diferent naturalesa, que poden afectar altres \u00f2rgans i estructures.<\/p>\n\t\t\t\t\t\t\t\t<\/div>\n\t\t\t\t<\/div>\n\t\t\t\t<div class=\"elementor-element elementor-element-5cdd015 elementor-widget elementor-widget-image\" data-id=\"5cdd015\" data-element_type=\"widget\" data-e-type=\"widget\" data-widget_type=\"image.default\">\n\t\t\t\t<div class=\"elementor-widget-container\">\n\t\t\t\t\t\t\t\t\t\t\t\t\t\t\t<img fetchpriority=\"high\" decoding=\"async\" width=\"550\" height=\"350\" src=\"https:\/\/www.bwellclinic.es\/wp-content\/uploads\/2023\/06\/Bwell-Blog-Osteopatia-pediatrica-Cuando-y-por-que-es-necesaria-1.jpg\" class=\"attachment-full size-full wp-image-1546\" alt=\"\" srcset=\"https:\/\/www.bwellclinic.es\/wp-content\/uploads\/2023\/06\/Bwell-Blog-Osteopatia-pediatrica-Cuando-y-por-que-es-necesaria-1.jpg 550w, https:\/\/www.bwellclinic.es\/wp-content\/uploads\/2023\/06\/Bwell-Blog-Osteopatia-pediatrica-Cuando-y-por-que-es-necesaria-1-300x191.jpg 300w\" sizes=\"(max-width: 550px) 100vw, 550px\" \/>\t\t\t\t\t\t\t\t\t\t\t\t\t\t\t<\/div>\n\t\t\t\t<\/div>\n\t\t\t\t<div class=\"elementor-element elementor-element-34126fa elementor-widget elementor-widget-heading\" data-id=\"34126fa\" data-element_type=\"widget\" data-e-type=\"widget\" data-widget_type=\"heading.default\">\n\t\t\t\t<div class=\"elementor-widget-container\">\n\t\t\t\t\t<h2 class=\"elementor-heading-title elementor-size-default\">On se solen produir?<\/h2>\t\t\t\t<\/div>\n\t\t\t\t<\/div>\n\t\t\t\t<div class=\"elementor-element elementor-element-635ae07 elementor-widget elementor-widget-text-editor\" data-id=\"635ae07\" data-element_type=\"widget\" data-e-type=\"widget\" data-widget_type=\"text-editor.default\">\n\t\t\t\t<div class=\"elementor-widget-container\">\n\t\t\t\t\t\t\t\t\t<p>Tot i que aquestes \u201cdistorsions\u201d es produeixen especialment a nivell del crani, poden crear <strong>alteracions a qualsevol part de l&#8217;organisme.<\/strong><\/p>\n<p>La forma alterada del crani pot produir asimetries a la boca, creant trastorns de la succi\u00f3, aix\u00f2 \u00e9s molt perill\u00f3s a edats tan primerenques, ja que pot conduir a:<\/p>\n<ul>\n<li>L&#8217;erupci\u00f3 de les dents<\/li>\n<li>Modificacions en la forma de les arcades dent\u00e0ries<\/li>\n<li>Ingesti\u00f3 de grans quantitats d&#8217;aire<\/li>\n<\/ul>\n<p>A m\u00e9s, el trastorn de succi\u00f3 juntament amb una alteraci\u00f3 del tr\u00e0nsit del menjar des de la boca a l&#8217;intest\u00ed pot provocar:<\/p>\n<ul>\n<li>Regurgitacions freq\u00fcents i abundants<\/li>\n<li>Colics recurrents i perllongats<\/li>\n<li>Diarrea o restrenyiment<\/li>\n<\/ul>\n\t\t\t\t\t\t\t\t<\/div>\n\t\t\t\t<\/div>\n\t\t\t\t<div class=\"elementor-element elementor-element-830a117 elementor-widget elementor-widget-image\" data-id=\"830a117\" data-element_type=\"widget\" data-e-type=\"widget\" data-widget_type=\"image.default\">\n\t\t\t\t<div class=\"elementor-widget-container\">\n\t\t\t\t\t\t\t\t\t\t\t\t\t\t\t<img decoding=\"async\" width=\"550\" height=\"350\" src=\"https:\/\/www.bwellclinic.es\/wp-content\/uploads\/2023\/06\/Bwell-Blog-Osteopatia-pediatrica-Cuando-y-por-que-es-necesaria-2.png\" class=\"attachment-full size-full wp-image-1549\" alt=\"\" srcset=\"https:\/\/www.bwellclinic.es\/wp-content\/uploads\/2023\/06\/Bwell-Blog-Osteopatia-pediatrica-Cuando-y-por-que-es-necesaria-2.png 550w, https:\/\/www.bwellclinic.es\/wp-content\/uploads\/2023\/06\/Bwell-Blog-Osteopatia-pediatrica-Cuando-y-por-que-es-necesaria-2-300x191.png 300w\" sizes=\"(max-width: 550px) 100vw, 550px\" \/>\t\t\t\t\t\t\t\t\t\t\t\t\t\t\t<\/div>\n\t\t\t\t<\/div>\n\t\t\t\t\t<\/div>\n\t\t<\/div>\n\t\t\t\t\t<\/div>\n\t\t<\/section>\n\t\t\t\t<section class=\"elementor-section elementor-top-section elementor-element elementor-element-b71a206 elementor-section-boxed elementor-section-height-default elementor-section-height-default\" data-id=\"b71a206\" data-element_type=\"section\" data-e-type=\"section\">\n\t\t\t\t\t\t<div class=\"elementor-container elementor-column-gap-default\">\n\t\t\t\t\t<div class=\"elementor-column elementor-col-100 elementor-top-column elementor-element elementor-element-647c3e8\" data-id=\"647c3e8\" data-element_type=\"column\" data-e-type=\"column\">\n\t\t\t<div class=\"elementor-widget-wrap elementor-element-populated\">\n\t\t\t\t\t\t<div class=\"elementor-element elementor-element-7939d7c elementor-widget elementor-widget-text-editor\" data-id=\"7939d7c\" data-element_type=\"widget\" data-e-type=\"widget\" data-widget_type=\"text-editor.default\">\n\t\t\t\t<div class=\"elementor-widget-container\">\n\t\t\t\t\t\t\t\t\t<p>A Bwell Clinic tenim un gran equip d&#8217;especialistes, entre els quals hi ha Josep Casimiro Fisioterapeuta i Oste\u00f2pata, especialista en pediatria que pot ajudar el teu nad\u00f3.<\/p>\n<p>Si desitges m\u00e9s informaci\u00f3 o tens qualsevol dubte, no dubtis en posar-te en contacte amb nosaltres trucant-nos al <strong>931 282 112<\/strong> o escrivint-nos a <strong>info@bwellclinic.es<\/strong><\/p>\n\t\t\t\t\t\t\t\t<\/div>\n\t\t\t\t<\/div>\n\t\t\t\t\t<\/div>\n\t\t<\/div>\n\t\t\t\t\t<\/div>\n\t\t<\/section>\n\t\t\t\t<section class=\"elementor-section elementor-top-section elementor-element elementor-element-3eead4e elementor-section-boxed elementor-section-height-default elementor-section-height-default\" data-id=\"3eead4e\" data-element_type=\"section\" data-e-type=\"section\">\n\t\t\t\t\t\t<div class=\"elementor-container elementor-column-gap-default\">\n\t\t\t\t\t<div class=\"elementor-column elementor-col-100 elementor-top-column elementor-element elementor-element-ad5f769\" data-id=\"ad5f769\" data-element_type=\"column\" data-e-type=\"column\">\n\t\t\t<div class=\"elementor-widget-wrap\">\n\t\t\t\t\t\t\t<\/div>\n\t\t<\/div>\n\t\t\t\t\t<\/div>\n\t\t<\/section>\n\t\t\t\t<\/div>\n\t\t","protected":false},"excerpt":{"rendered":"<p>L&#8217;osteopatia representa una de les formes m\u00e9s eficaces de medicina natural, i \u00e9s absolutament inn\u00f2cua i sense contraindicacions. Est\u00e0 indicada per a pacients de qualsevol edat, per\u00f2 \u00e9s especialment adequada per als nens i nadons. Per qu\u00e8 es recomana l&#8217;osteopatia a edats tan primerenques? Els pujos a qu\u00e8 se sotmet el petit durant el pas [&hellip;]<\/p>\n","protected":false},"author":2,"featured_media":1570,"comment_status":"closed","ping_status":"closed","sticky":false,"template":"","format":"standard","meta":{"_joinchat":[],"footnotes":""},"categories":[38,39],"tags":[],"class_list":["post-1577","post","type-post","status-publish","format-standard","has-post-thumbnail","hentry","category-pediatria","category-pediatria-ca"],"_links":{"self":[{"href":"https:\/\/bwellclinic.es\/ca\/wp-json\/wp\/v2\/posts\/1577","targetHints":{"allow":["GET"]}}],"collection":[{"href":"https:\/\/bwellclinic.es\/ca\/wp-json\/wp\/v2\/posts"}],"about":[{"href":"https:\/\/bwellclinic.es\/ca\/wp-json\/wp\/v2\/types\/post"}],"author":[{"embeddable":true,"href":"https:\/\/bwellclinic.es\/ca\/wp-json\/wp\/v2\/users\/2"}],"replies":[{"embeddable":true,"href":"https:\/\/bwellclinic.es\/ca\/wp-json\/wp\/v2\/comments?post=1577"}],"version-history":[{"count":3,"href":"https:\/\/bwellclinic.es\/ca\/wp-json\/wp\/v2\/posts\/1577\/revisions"}],"predecessor-version":[{"id":1784,"href":"https:\/\/bwellclinic.es\/ca\/wp-json\/wp\/v2\/posts\/1577\/revisions\/1784"}],"wp:featuredmedia":[{"embeddable":true,"href":"https:\/\/bwellclinic.es\/ca\/wp-json\/wp\/v2\/media\/1570"}],"wp:attachment":[{"href":"https:\/\/bwellclinic.es\/ca\/wp-json\/wp\/v2\/media?parent=1577"}],"wp:term":[{"taxonomy":"category","embeddable":true,"href":"https:\/\/bwellclinic.es\/ca\/wp-json\/wp\/v2\/categories?post=1577"},{"taxonomy":"post_tag","embeddable":true,"href":"https:\/\/bwellclinic.es\/ca\/wp-json\/wp\/v2\/tags?post=1577"}],"curies":[{"name":"wp","href":"https:\/\/api.w.org\/{rel}","templated":true}]}}